{"id":440,"date":"2017-12-27T21:39:00","date_gmt":"2017-12-27T21:39:00","guid":{"rendered":""},"modified":"2025-06-19T11:07:06","modified_gmt":"2025-06-19T11:07:06","slug":"premios-belenes-2017","status":"publish","type":"post","link":"https:\/\/fallabolseria.es\/index.php\/2017\/12\/27\/premios-belenes-2017\/","title":{"rendered":"PREMIOS BELENES 2017"},"content":{"rendered":"<div style=\"text-align: justify;\">\n<span style=\"font-size: small;\"><span style=\"font-family: &quot;trebuchet ms&quot; , sans-serif;\">Este a\u00f1o nuestro Bel\u00e9n de la falla Bolseria ha recibido el 10\u00ba premio de la Junta Central Fallera. Gracias a nuestro artista, Vicente P\u00e9rez Vela, que a\u00f1o tras a\u00f1o se supera regal\u00e1ndonos estas peque\u00f1as obras de arte de la Navidad.<\/span><\/span><\/div>\n<p><\/p>\n<div class=\"separator\" style=\"clear: both; text-align: center;\">\n<a href=\"https:\/\/blogger.googleusercontent.com\/img\/b\/R29vZ2xl\/AVvXsEjHigcYvjMhyVpdvXKLUQxuize7WbFbQiHrxVTbwBBfXt8FJzP1DHg6wCJbMmZmsA0IT1rvAgUafJVzE-MshvJ2bE0QVFxpu1DkRAPTwl54W-SlLaUggsnhC7PHtwg6JRXvgXvUAKdmhzLj\/s1600\/2017-12-23-PHOTO-00000010.jpg\" imageanchor=\"1\" style=\"margin-left: 1em; margin-right: 1em;\"><img fetchpriority=\"high\" decoding=\"async\" border=\"0\" data-original-height=\"1600\" data-original-width=\"903\" height=\"320\" src=\"https:\/\/blogger.googleusercontent.com\/img\/b\/R29vZ2xl\/AVvXsEjHigcYvjMhyVpdvXKLUQxuize7WbFbQiHrxVTbwBBfXt8FJzP1DHg6wCJbMmZmsA0IT1rvAgUafJVzE-MshvJ2bE0QVFxpu1DkRAPTwl54W-SlLaUggsnhC7PHtwg6JRXvgXvUAKdmhzLj\/s320\/2017-12-23-PHOTO-00000010.jpg\" width=\"180\" \/><\/a><\/div>\n<p>&nbsp; <br \/>\nPor otra parte, tambi\u00e9n ha sido galardonado con el 3er premio de belenes tradicionales de Ciutat Vella para las fallas de nuestro sector.<\/p>\n<p><\/p>\n<div class=\"separator\" style=\"clear: both; text-align: center;\">\n<a href=\"https:\/\/blogger.googleusercontent.com\/img\/b\/R29vZ2xl\/AVvXsEj6ndjj_6vc_h46V8KuWIt9-uZhB5LYQEgDrm0QiaoVp8uRTJGmPMgl5mAa4hyphenhyphenxhtnneef4yIXhjMhqZ3mx97Y11PPr-bd-cIxgDIHHRvgt_Tydt8F6L3oabpbMd4DloWX12pXZxchYrUIG\/s1600\/2017-12-23-PHOTO-00000014.jpg\" imageanchor=\"1\" style=\"margin-left: 1em; margin-right: 1em;\"><img decoding=\"async\" border=\"0\" data-original-height=\"1600\" data-original-width=\"1200\" height=\"200\" src=\"https:\/\/blogger.googleusercontent.com\/img\/b\/R29vZ2xl\/AVvXsEj6ndjj_6vc_h46V8KuWIt9-uZhB5LYQEgDrm0QiaoVp8uRTJGmPMgl5mAa4hyphenhyphenxhtnneef4yIXhjMhqZ3mx97Y11PPr-bd-cIxgDIHHRvgt_Tydt8F6L3oabpbMd4DloWX12pXZxchYrUIG\/s200\/2017-12-23-PHOTO-00000014.jpg\" width=\"150\" \/><\/a><a href=\"https:\/\/blogger.googleusercontent.com\/img\/b\/R29vZ2xl\/AVvXsEgJKL-CRX_HQ7D4d7GqD79YfUsqh9BltGElC1w4it5ImcVHDDsLbtm1VuWmxYBdcbvnLNeh5TAOZJ4PtCQb6p7S8iAA9uOB8ML10cIgO8ejFQMroU7iGcd3nw1cCZgKiX9kP_6jKwJhadSC\/s1600\/2017-12-23-PHOTO-00000012.jpg\" imageanchor=\"1\" style=\"margin-left: 1em; margin-right: 1em;\"><img decoding=\"async\" border=\"0\" data-original-height=\"1600\" data-original-width=\"1200\" height=\"200\" src=\"https:\/\/blogger.googleusercontent.com\/img\/b\/R29vZ2xl\/AVvXsEgJKL-CRX_HQ7D4d7GqD79YfUsqh9BltGElC1w4it5ImcVHDDsLbtm1VuWmxYBdcbvnLNeh5TAOZJ4PtCQb6p7S8iAA9uOB8ML10cIgO8ejFQMroU7iGcd3nw1cCZgKiX9kP_6jKwJhadSC\/s200\/2017-12-23-PHOTO-00000012.jpg\" width=\"150\" \/><\/a><\/div>\n","protected":false},"excerpt":{"rendered":"<p>Este a\u00f1o nuestro Bel\u00e9n de la falla Bolseria ha recibido el 10\u00ba premio de la Junta Central Fallera. Gracias a nuestro artista, Vicente P\u00e9rez Vela, que a\u00f1o tras a\u00f1o se supera regal\u00e1ndonos estas peque\u00f1as obras de arte de la Navidad. &nbsp; Por otra parte, tambi\u00e9n ha sido galardonado con el 3er premio de belenes tradicionales &hellip; <\/p>\n<p class=\"link-more\"><a href=\"https:\/\/fallabolseria.es\/index.php\/2017\/12\/27\/premios-belenes-2017\/\" class=\"more-link\">Continuar leyendo<span class=\"screen-reader-text\"> \u00abPREMIOS BELENES 2017\u00bb<\/span><\/a><\/p>\n","protected":false},"author":2,"featured_media":0,"comment_status":"open","ping_status":"closed","sticky":false,"template":"","format":"standard","meta":{"footnotes":""},"categories":[1],"tags":[15],"class_list":["post-440","post","type-post","status-publish","format-standard","hentry","category-sin-categoria","tag-ejercicio-2018"],"_links":{"self":[{"href":"https:\/\/fallabolseria.es\/index.php\/wp-json\/wp\/v2\/posts\/440","targetHints":{"allow":["GET"]}}],"collection":[{"href":"https:\/\/fallabolseria.es\/index.php\/wp-json\/wp\/v2\/posts"}],"about":[{"href":"https:\/\/fallabolseria.es\/index.php\/wp-json\/wp\/v2\/types\/post"}],"author":[{"embeddable":true,"href":"https:\/\/fallabolseria.es\/index.php\/wp-json\/wp\/v2\/users\/2"}],"replies":[{"embeddable":true,"href":"https:\/\/fallabolseria.es\/index.php\/wp-json\/wp\/v2\/comments?post=440"}],"version-history":[{"count":0,"href":"https:\/\/fallabolseria.es\/index.php\/wp-json\/wp\/v2\/posts\/440\/revisions"}],"wp:attachment":[{"href":"https:\/\/fallabolseria.es\/index.php\/wp-json\/wp\/v2\/media?parent=440"}],"wp:term":[{"taxonomy":"category","embeddable":true,"href":"https:\/\/fallabolseria.es\/index.php\/wp-json\/wp\/v2\/categories?post=440"},{"taxonomy":"post_tag","embeddable":true,"href":"https:\/\/fallabolseria.es\/index.php\/wp-json\/wp\/v2\/tags?post=440"}],"curies":[{"name":"wp","href":"https:\/\/api.w.org\/{rel}","templated":true}]}}