{"id":438,"date":"2018-01-13T19:21:00","date_gmt":"2018-01-13T19:21:00","guid":{"rendered":""},"modified":"2025-06-19T11:07:06","modified_gmt":"2025-06-19T11:07:06","slug":"homenatge-maria-perez-leal","status":"publish","type":"post","link":"https:\/\/fallabolseria.es\/index.php\/2018\/01\/13\/homenatge-maria-perez-leal\/","title":{"rendered":"HOMENATGE A MAR\u00cdA P\u00c9REZ LEAL"},"content":{"rendered":"<div class=\"separator\" style=\"clear: both; text-align: center;\">\n<\/div>\n<div class=\"separator\" style=\"clear: both; text-align: center;\">\n<\/div>\n<div class=\"separator\" style=\"clear: both; text-align: center;\">\n<\/div>\n<div class=\"separator\" style=\"clear: both; text-align: center;\">\n<\/div>\n<div class=\"separator\" style=\"clear: both; text-align: center;\">\n<\/div>\n<style>\n<!--\n \/* Font Definitions *\/\n@font-face\n {font-family:Verdana;\n panose-1:2 11 6 4 3 5 4 4 2 4;\n mso-font-charset:0;\n mso-generic-font-family:auto;\n mso-font-pitch:variable;\n mso-font-signature:3 0 0 0 1 0;}\n@font-face\n {font-family:Cambria;\n panose-1:2 4 5 3 5 4 6 3 2 4;\n mso-font-charset:0;\n mso-generic-font-family:auto;\n mso-font-pitch:variable;\n mso-font-signature:3 0 0 0 1 0;}\n \/* Style Definitions *\/\np.MsoNormal, li.MsoNormal, div.MsoNormal\n {mso-style-parent:\"\";\n margin:0cm;\n margin-bottom:.0001pt;\n mso-pagination:widow-orphan;\n font-size:12.0pt;\n font-family:\"Times New Roman\";\n mso-ascii-font-family:Cambria;\n mso-ascii-theme-font:minor-latin;\n mso-fareast-font-family:Cambria;\n mso-fareast-theme-font:minor-latin;\n mso-hansi-font-family:Cambria;\n mso-hansi-theme-font:minor-latin;\n mso-bidi-font-family:\"Times New Roman\";\n mso-bidi-theme-font:minor-bidi;\n mso-fareast-language:EN-US;}\n@page Section1\n {size:595.0pt 842.0pt;\n margin:35.45pt 42.15pt 35.45pt 49.65pt;\n mso-header-margin:35.4pt;\n mso-footer-margin:35.4pt;\n mso-paper-source:0;}\ndiv.Section1\n {page:Section1;}\n<\/style>\n\n\n\n--&gt;\n\n\n\n\n\n\n\n\n<div style=\"text-align: justify;\">\n<span style=\"font-family: &quot;verdana&quot;; font-size: 10.0pt;\">El\ndissabte 13 de Gener de 2018, en el sal\u00f3 d'actes de la Universitat Cat\u00f3lica de\nVal\u00e8ncia \u201cSan Vicent M\u00e0rtir \u2013 Santa Ursula\u201d, es reunirme per a rendir homenatge\nde respecte, admiraci\u00f3n i cortesia, cap esta extraordinaria dona i fallera, que\nva aconseguir per la seua intel-lig\u00e8ncia, bellesa, simpatia, carisma, joventut,\nalegria i una infinitat d'adjectius mes inacabables, formar part d'eixe grup\nd'extraordin\u00e0ries falleres, representants al llarg d'un any, de tot el\ncol\u00b7lectiu festiu faller de la Ciutat de Val\u00e8ncia.<\/span><span style=\"font-family: &quot;verdana&quot;; font-size: 10.0pt;\"><\/span><\/div>\n\n\n\n\n<div style=\"text-align: justify;\">\n<\/div>\n\n\n\n\n<div style=\"text-align: justify;\">\n<span style=\"font-family: &quot;verdana&quot;; font-size: 10.0pt;\">Varem\nrecordar i rememorar moments viscuts al llarg d'estos anys i dic anys per que\nesta hist\u00f2ria, esta aventura, este somni en definitiva va comen\u00e7ar i es diu\nprompte en l'any 2015.<\/span><\/div>\n\n\n\n\n<div style=\"text-align: justify;\">\n<\/div>\n\n\n\n\n<div style=\"text-align: justify;\">\n<span style=\"font-family: &quot;verdana&quot;; font-size: 10.0pt;\">I que\nmillor que comen\u00e7ar pel principi, recordant algunes an\u00e8cdotes<\/span><span style=\"font-family: &quot;verdana&quot;; font-size: 10.0pt;\"> <span style=\"mso-bidi-font-weight: bold;\">de l'any de Maria com a Fallera Major de la\nFalla Bolseria Tros-Alt,<span style=\"mso-spacerun: yes;\">&nbsp; <\/span>de les\nque podem destacar entre elles, algunes com<\/span><\/span><\/div>\n\n\n\n\n<div style=\"text-align: justify;\">\n<\/div>\n\n\n\n\n<div style=\"text-align: justify;\">\n<span style=\"font-family: &quot;verdana&quot;; font-size: 10.0pt;\">La seua\ndesignaci\u00f3 com a Fallera Major, que va ser el Dijous 17 de Setembre, fora ja\ndels termes habituals per a estes designacions, que solen ser en el mes de\nJuliol, cal dir que compt\u00e0vem ja amb Fallera Major Infantil des del dit mes.<\/span><\/div>\n\n\n\n\n<div style=\"text-align: justify;\">\n<\/div>\n\n\n\n\n<div style=\"text-align: justify;\">\n<span style=\"font-family: &quot;verdana&quot;; font-size: 10.0pt;\">Mar\u00eda\nva ser l'\u00fanica i primera Fallera Major de la Falla Bolseria i de totes les\nFalles de Val\u00e8ncia, fins a la data actual, que ha comptat amb una Comissi\u00f3\nGestora, com a figura executiva substitutiva del President.<\/span><\/div>\n\n\n\n\n<div style=\"text-align: justify;\">\n<\/div>\n\n\n\n\n<div style=\"text-align: justify;\">\n<span style=\"font-family: &quot;verdana&quot;; font-size: 10.0pt;\">El seu\nacte de nomenament va tindre lloc el 17 d'Octubre i la seua exaltaci\u00f3 per\nprimera i \u00fanica vegada tamb\u00e9, va ser en l'Ateneu Mercantil de Val\u00e8ncia el 16 de\nGener de 2017.<\/span><\/div>\n\n\n\n\n<div style=\"text-align: justify;\">\n<\/div>\n\n\n\n\n<div style=\"text-align: justify;\">\n<span style=\"font-family: &quot;verdana&quot;; font-size: 10.0pt;\">I ja\ncom a final, l'artista de la Falla va ser el debutant CARLOS MONDRI\u00c1, que\nplantaria per primera i ultima vegada, de moment.<\/span><\/div>\n\n\n\n\n<div style=\"text-align: justify;\">\n<\/div>\n\n\n\n\n<div style=\"text-align: justify;\">\n<span style=\"font-family: &quot;verdana&quot;; font-size: 10.0pt;\">Situacions,\ncircumst\u00e0ncies o causualitats extraodinaries, que en cap moment van restar\nbrillantor a eixe gran regnat com a Fallera Major.<\/span><\/div>\n\n\n\n\n<div style=\"text-align: justify;\">\n<\/div>\n\n\n\n\n<div style=\"text-align: justify;\">\n<span style=\"font-family: &quot;verdana&quot;; font-size: 10.0pt;\">I per\na recordar esta hist\u00f2ria fallera viscuda per Maria, rememorarem el poema de\nJoan Antoni Alapont,<span style=\"mso-spacerun: yes;\">&nbsp; <\/span>i algunes\nimatges, del seu regnat com a Fallera Major de la FALLA BOLSERIA TROS-ALT.<\/span><span style=\"font-family: &quot;verdana&quot;; font-size: 10.0pt;\"><\/span><\/div>\n\n\n\n\n<div style=\"text-align: justify;\">\n<\/div>\n\n\n\n\n<div style=\"text-align: justify;\">\n<span style=\"font-family: &quot;verdana&quot;; font-size: 10.0pt;\">I esta\nhist\u00f2ria va continuar, per a la felicitat de MARIA, de la seua fam\u00edlia i de\ntots els que formem part d'esta gran fam\u00edlia fallera i per a l'engrandiment de\nla nostra Comissi\u00f3. Despres de 25 anys i de quatre predecessores anteriors<\/span><\/div>\n\n\n\n\n<div style=\"text-align: justify;\">\n<\/div>\n\n\n\n\n<div style=\"text-align: justify;\">\n<span style=\"font-family: &quot;verdana&quot;; font-size: 10.0pt;\">1966\nMARI CARMEN GORRIZ<\/span><\/div>\n\n\n\n\n<div style=\"text-align: justify;\">\n<span style=\"font-family: &quot;verdana&quot;; font-size: 10.0pt;\">1968\nMARIA ROSA IRANZO<\/span><\/div>\n\n\n\n\n<div style=\"text-align: justify;\">\n<span style=\"font-family: &quot;verdana&quot;; font-size: 10.0pt;\">1976\nMARIA SALUD SEGURA i<\/span><\/div>\n\n\n\n\n<div style=\"text-align: justify;\">\n<span style=\"font-family: &quot;verdana&quot;; font-size: 10.0pt;\">1993\nPATRICIA BLAT <\/span><\/div>\n\n\n\n\n<div style=\"text-align: justify;\">\n<\/div>\n\n\n\n\n<div style=\"text-align: justify;\">\n<span style=\"font-family: &quot;verdana&quot;; font-size: 10.0pt;\">L\u00b4any 2017 MARIA PEREZ LEAL, <span style=\"mso-bidi-font-weight: bold;\">es va convertir en la quinta fallera de la\nFALLA <span style=\"mso-spacerun: yes;\">&nbsp;<\/span>BOLSERIA TROS ALT, que forma\npart de la CORT D\u00b4HONOR DE LA FALLERA MAJOR DE VALENCIA.<\/span><\/span><\/div>\n\n\n\n\n<div style=\"text-align: justify;\">\n<\/div>\n\n\n\n\n<div style=\"text-align: justify;\">\n<span style=\"font-family: &quot;verdana&quot;; font-size: 10.0pt;\">Durant\nl'acte van intervindre Carmen Herrero, Pablo Tatay, Beatriz Perez de Yebenes i\nCarlos Vicente per part de la Falla Bolseria. Paula Ortiz, Marina Goz\u00e1lvez,\nClara Romero i Patricia Navarro, com a components de La Cort d'Honor. Arancha\nP\u00e9rez i Santiago P\u00e9rez, ho van fer com a part de la fam\u00edlia. I finalment va ser\nRaquel Alario Bernabe <span style=\"mso-spacerun: yes;\">&nbsp;<\/span>Fallera\nMajor de Val\u00e8ncia 2017 , la que tanc\u00e0 el torn d'intervencions.<\/span><\/div>\n\n\n\n\n<div style=\"text-align: justify;\">\n<\/div>\n\n\n\n\n<div style=\"text-align: justify;\">\n<span style=\"font-family: &quot;verdana&quot;; font-size: 10.0pt;\">Tanc\u00e0\nl'acte MARIA PEREZ LEAL, amb paraules de gratitud i agra\u00efment cap a tots.<\/span><\/div>\n\n\n\n\n<div style=\"text-align: justify;\">\n<\/div>\n\n\n\n\n<div style=\"text-align: justify;\">\n<span style=\"font-family: &quot;verdana&quot;; font-size: 10.0pt;\">VICENTE\nROIG MARZAL<\/span><span style=\"font-family: &quot;verdana&quot;; font-size: 10.0pt;\"><\/span><\/div>\n\n\n<br \/>\n\n\n<div class=\"separator\" style=\"clear: both; text-align: center;\">\n<a href=\"https:\/\/blogger.googleusercontent.com\/img\/b\/R29vZ2xl\/AVvXsEg7RNx9vQ5Tlrck99rvASrikbeydyx5xRfP56QK7TGqVSe_J79Nfn8ShAqi6REa7t9LSCheWCp6mx1TeJuysRiyIatxkLJiZBS-c_o4alvtUHVp8_B0ggeourdY32wF_5eJ7oWwl4QtFBCe\/s1600\/26231723_10215221144591519_6133704449731149943_n.jpg\" imageanchor=\"1\" style=\"margin-left: 1em; margin-right: 1em;\"><img fetchpriority=\"high\" decoding=\"async\" border=\"0\" data-original-height=\"720\" data-original-width=\"960\" height=\"240\" src=\"https:\/\/blogger.googleusercontent.com\/img\/b\/R29vZ2xl\/AVvXsEg7RNx9vQ5Tlrck99rvASrikbeydyx5xRfP56QK7TGqVSe_J79Nfn8ShAqi6REa7t9LSCheWCp6mx1TeJuysRiyIatxkLJiZBS-c_o4alvtUHVp8_B0ggeourdY32wF_5eJ7oWwl4QtFBCe\/s320\/26231723_10215221144591519_6133704449731149943_n.jpg\" width=\"320\" \/><\/a><\/div>\n\n\n<br \/>\n\n\n<div class=\"separator\" style=\"clear: both; text-align: center;\">\n<a href=\"https:\/\/blogger.googleusercontent.com\/img\/b\/R29vZ2xl\/AVvXsEhYhCWDBrGB64rfJGZxKPKIHHAOu6EJCvH9gxQFf-nx5F1hXZUPZgKKGulyMq_b7CzGP42IfevrSqe0-NelWMa0Lk21G63aU5_yH1pmhyphenhyphen6NXM4i4UdvEdQszGlyIpFPa8NrnJuXAk9LgGyT\/s1600\/Homenage+a+Maria+Perez.jpg\" imageanchor=\"1\" style=\"margin-left: 1em; margin-right: 1em;\"><img decoding=\"async\" border=\"0\" data-original-height=\"750\" data-original-width=\"1334\" height=\"223\" src=\"https:\/\/blogger.googleusercontent.com\/img\/b\/R29vZ2xl\/AVvXsEhYhCWDBrGB64rfJGZxKPKIHHAOu6EJCvH9gxQFf-nx5F1hXZUPZgKKGulyMq_b7CzGP42IfevrSqe0-NelWMa0Lk21G63aU5_yH1pmhyphenhyphen6NXM4i4UdvEdQszGlyIpFPa8NrnJuXAk9LgGyT\/s400\/Homenage+a+Maria+Perez.jpg\" width=\"400\" \/><\/a><\/div>\n\n\n<\/p>\n","protected":false},"excerpt":{"rendered":"<p>&#8211;&gt; El dissabte 13 de Gener de 2018, en el sal\u00f3 d&#8217;actes de la Universitat Cat\u00f3lica de Val\u00e8ncia \u201cSan Vicent M\u00e0rtir \u2013 Santa Ursula\u201d, es reunirme per a rendir homenatge de respecte, admiraci\u00f3n i cortesia, cap esta extraordinaria dona i fallera, que va aconseguir per la seua intel-lig\u00e8ncia, bellesa, simpatia, carisma, joventut, alegria i una &hellip; <\/p>\n<p class=\"link-more\"><a href=\"https:\/\/fallabolseria.es\/index.php\/2018\/01\/13\/homenatge-maria-perez-leal\/\" class=\"more-link\">Continuar leyendo<span class=\"screen-reader-text\"> \u00abHOMENATGE A MAR\u00cdA P\u00c9REZ LEAL\u00bb<\/span><\/a><\/p>\n","protected":false},"author":2,"featured_media":0,"comment_status":"open","ping_status":"closed","sticky":false,"template":"","format":"standard","meta":{"footnotes":""},"categories":[1],"tags":[15],"class_list":["post-438","post","type-post","status-publish","format-standard","hentry","category-sin-categoria","tag-ejercicio-2018"],"_links":{"self":[{"href":"https:\/\/fallabolseria.es\/index.php\/wp-json\/wp\/v2\/posts\/438","targetHints":{"allow":["GET"]}}],"collection":[{"href":"https:\/\/fallabolseria.es\/index.php\/wp-json\/wp\/v2\/posts"}],"about":[{"href":"https:\/\/fallabolseria.es\/index.php\/wp-json\/wp\/v2\/types\/post"}],"author":[{"embeddable":true,"href":"https:\/\/fallabolseria.es\/index.php\/wp-json\/wp\/v2\/users\/2"}],"replies":[{"embeddable":true,"href":"https:\/\/fallabolseria.es\/index.php\/wp-json\/wp\/v2\/comments?post=438"}],"version-history":[{"count":0,"href":"https:\/\/fallabolseria.es\/index.php\/wp-json\/wp\/v2\/posts\/438\/revisions"}],"wp:attachment":[{"href":"https:\/\/fallabolseria.es\/index.php\/wp-json\/wp\/v2\/media?parent=438"}],"wp:term":[{"taxonomy":"category","embeddable":true,"href":"https:\/\/fallabolseria.es\/index.php\/wp-json\/wp\/v2\/categories?post=438"},{"taxonomy":"post_tag","embeddable":true,"href":"https:\/\/fallabolseria.es\/index.php\/wp-json\/wp\/v2\/tags?post=438"}],"curies":[{"name":"wp","href":"https:\/\/api.w.org\/{rel}","templated":true}]}}